{"id":507,"date":"2010-04-27T12:19:17","date_gmt":"2010-04-27T11:19:17","guid":{"rendered":"http:\/\/fv-roteschule.de\/?p=507"},"modified":"2010-05-24T21:48:25","modified_gmt":"2010-05-24T20:48:25","slug":"bericht-vom-fahrradmarkt","status":"publish","type":"post","link":"http:\/\/fv-grundschule-niederheide.de\/?p=507","title":{"rendered":"Bericht vom Fahrradmarkt 2010"},"content":{"rendered":"<p>Der 1. Hohen Neuendorfer Fahrradmarkt am 24. April 2010 in der Turnhalle der Roten Schule war ein gro\u00dfer Erfolg. Vielen Dank an alle Anbieter, K\u00e4ufer und Helfer.<\/p>\n<div id=\"attachment_512\" style=\"width: 550px\" class=\"wp-caption alignleft\"><a href=\"http:\/\/fv-roteschule.de\/fufrs\/wp-content\/uploads\/2010\/04\/Fahrradmarkt_2010-04-24_100_4961.jpg\"><img aria-describedby=\"caption-attachment-512\" decoding=\"async\" loading=\"lazy\" class=\"size-full wp-image-512\" title=\"Fahrradmarkt - Ansturm nach dem \u00d6ffnen der Pforten\" src=\"http:\/\/fv-roteschule.de\/fufrs\/wp-content\/uploads\/2010\/04\/Fahrradmarkt_2010-04-24_100_4961.jpg\" alt=\"\" width=\"540\" height=\"338\" srcset=\"http:\/\/fv-grundschule-niederheide.de\/fufgn\/wp-content\/uploads\/2010\/04\/Fahrradmarkt_2010-04-24_100_4961.jpg 540w, http:\/\/fv-grundschule-niederheide.de\/fufgn\/wp-content\/uploads\/2010\/04\/Fahrradmarkt_2010-04-24_100_4961-300x187.jpg 300w\" sizes=\"(max-width: 540px) 100vw, 540px\" \/><\/a><p id=\"caption-attachment-512\" class=\"wp-caption-text\">Fahrradmarkt am 24. April 2010, Andrang beim Verkauf von 14 Uhr bis 16 Uhr in der Turnhalle der Roten Schule<\/p><\/div>\n<p>Das Angebot war breit und vielf\u00e4ltig. In verschiedenen St\u00fcckzahlen standen zur Auswahl: Autofahrradtr\u00e4ger, Autokindersitz, Babyschale, Bettgestellrad, BMX-Rad, Bobbycar, Bollerwagen, Chopper, Damenrad, Dreirad, Einrad, Fahrradanh\u00e4nger, Fahrradhelm, Herrenrad, Hochrad, Inliner (Rollerblades), Kettcar, Kinderfahrradsitz, Kinderrad, Kinderwagen, Klapprad, Laufrad, Liegebuggy, Liegerad, Mountainbike, Rad mit Clown, Rennrad, Roller, Rollschuhe, Schlittschuhe, Skateboard, Snowboard, Sportrad, Tandem (nebeneinander), Tandemstange, Trainingsrolle f\u00fcr Fahrr\u00e4der, Traktor, Trekkingrad und einzelne Vorderr\u00e4der.<\/p>\n<p>Unsere Erwartungen wurden weit \u00fcbertroffen. Gem\u00e4\u00df der Auswertung unseres Schatzmeisters Dirk Dehne bestand das \u00fcppige Angebot aus insgesamt 267 Artikeln (54 % davon waren Fahrr\u00e4der). Verkauft wurden 182, d. h. fast 70 %. Besonders gut verkauften sich Fahrr\u00e4der, Laufr\u00e4der und Inlineskates. Weniger gut lief es f\u00fcr <a href=\"http:\/\/de.wikipedia.org\/wiki\/Fahrradhelm\" target=\"_blank\">Fahrradhelme<\/a> und <a href=\"http:\/\/de.wikipedia.org\/wiki\/Bobby-Car\" target=\"_blank\">Bobbycars<\/a>. Artikel mit deutlichen M\u00e4ngeln, wie z. B. platter Reifen, morscher <a href=\"http:\/\/de.wikipedia.org\/wiki\/Fahrradbereifung\" target=\"_blank\">Mantel<\/a>, gerissener <a href=\"http:\/\/de.wikipedia.org\/wiki\/Bowdenzug\" target=\"_blank\">Bowdenzug<\/a> oder ausgeschlagenes Lager, fanden nur schwer einen Interessenten. Die Mehrzahl der K\u00e4ufer war auf der Suche nach einem funktionst\u00fcchtigen Fahrrad, welches ohne weitere Investitionen oder Bastelarbeiten sofort benutzbar sein sollte.<\/p>\n<p>Der teuerste verkaufte Artikel war ein Damenrad f\u00fcr 275 Euro, der billigste ein Mountainbike f\u00fcr 1 Euro.<\/p>\n<p>Der Andrang bei der Warenannahme am Sonnabendvormittag war so stark, da\u00df wir leider nicht alle Anbieter hereinlassen konnten. Gegen 13 Uhr mu\u00dfte die Annahme geschlossen werden. Die Turnhalle war voll. Wir bitten die Abgewiesenen um Entschuldigung. Doch heben Sie Ihre Fahrr\u00e4der, falls m\u00f6glich, bitte ein Jahr auf. Denn:<\/p>\n<p><strong>Im Fr\u00fchling des n\u00e4chsten Jahres wird es den Fahrradmarkt wieder geben. <\/strong>Und in unserer neuen <em>Grundschule Niederheide<\/em> haben wir viel mehr Platz.<\/p>\n<div id=\"attachment_511\" style=\"width: 550px\" class=\"wp-caption alignleft\"><a href=\"http:\/\/fv-roteschule.de\/fufrs\/wp-content\/uploads\/2010\/04\/Fahrradmarkt_2010-04-24_100_4944.jpg\"><img aria-describedby=\"caption-attachment-511\" decoding=\"async\" loading=\"lazy\" class=\"size-full wp-image-511\" title=\"Fahrradmarkt - Perfekte preu\u00dfische Anbieterschlange\" src=\"http:\/\/fv-roteschule.de\/fufrs\/wp-content\/uploads\/2010\/04\/Fahrradmarkt_2010-04-24_100_4944.jpg\" alt=\"\" width=\"540\" height=\"405\" srcset=\"http:\/\/fv-grundschule-niederheide.de\/fufgn\/wp-content\/uploads\/2010\/04\/Fahrradmarkt_2010-04-24_100_4944.jpg 540w, http:\/\/fv-grundschule-niederheide.de\/fufgn\/wp-content\/uploads\/2010\/04\/Fahrradmarkt_2010-04-24_100_4944-300x225.jpg 300w\" sizes=\"(max-width: 540px) 100vw, 540px\" \/><\/a><p id=\"caption-attachment-511\" class=\"wp-caption-text\">Fahrradmarkt am 24. April 2010, Wahrenannahme von 10 Uhr bis 12 Uhr, Lange Schlange auf dem Schulhof der Roten Schule, im Hintergrund die Hortcontainer<\/p><\/div>\n<div id=\"attachment_510\" style=\"width: 550px\" class=\"wp-caption alignleft\"><a href=\"http:\/\/fv-roteschule.de\/fufrs\/wp-content\/uploads\/2010\/04\/Fahrradmarkt_2010-04-24_100_4923.jpg\"><img aria-describedby=\"caption-attachment-510\" decoding=\"async\" loading=\"lazy\" class=\"size-full wp-image-510\" title=\"Fahrradmarkt - Warenannahme\" src=\"http:\/\/fv-roteschule.de\/fufrs\/wp-content\/uploads\/2010\/04\/Fahrradmarkt_2010-04-24_100_4923.jpg\" alt=\"\" width=\"540\" height=\"405\" srcset=\"http:\/\/fv-grundschule-niederheide.de\/fufgn\/wp-content\/uploads\/2010\/04\/Fahrradmarkt_2010-04-24_100_4923.jpg 540w, http:\/\/fv-grundschule-niederheide.de\/fufgn\/wp-content\/uploads\/2010\/04\/Fahrradmarkt_2010-04-24_100_4923-300x225.jpg 300w\" sizes=\"(max-width: 540px) 100vw, 540px\" \/><\/a><p id=\"caption-attachment-510\" class=\"wp-caption-text\">Fahrradmarkt am 24. April 2010, Warenannahme von 10 Uhr bis 12 Uhr in der Turnhalle der Roten Schule<\/p><\/div>\n<div id=\"attachment_626\" style=\"width: 550px\" class=\"wp-caption alignnone\"><a href=\"http:\/\/fv-roteschule.de\/fufrs\/wp-content\/uploads\/2010\/05\/Fahrradmarkt_2010-04-24_100_4959_b540pn.jpg\"><img aria-describedby=\"caption-attachment-626\" decoding=\"async\" loading=\"lazy\" class=\"size-full wp-image-626   \" title=\"Fahrradmarkt - Gedr\u00e4nge beim Verkauf\" src=\"http:\/\/fv-roteschule.de\/fufrs\/wp-content\/uploads\/2010\/05\/Fahrradmarkt_2010-04-24_100_4959_b540pn.jpg\" alt=\"\" width=\"540\" height=\"172\" srcset=\"http:\/\/fv-grundschule-niederheide.de\/fufgn\/wp-content\/uploads\/2010\/05\/Fahrradmarkt_2010-04-24_100_4959_b540pn.jpg 540w, http:\/\/fv-grundschule-niederheide.de\/fufgn\/wp-content\/uploads\/2010\/05\/Fahrradmarkt_2010-04-24_100_4959_b540pn-300x95.jpg 300w\" sizes=\"(max-width: 540px) 100vw, 540px\" \/><\/a><p id=\"caption-attachment-626\" class=\"wp-caption-text\">Fahrradmarkt am 24. April 2010, Menschenmassen auf der Suche nach dem Optimum, Verkauf von 14 Uhr bis 16 Uhr in der Turnhalle der Roten Schule<\/p><\/div>\n","protected":false},"excerpt":{"rendered":"<p>Der 1. Hohen Neuendorfer Fahrradmarkt am 24. April 2010 in der Turnhalle der Roten Schule war ein gro\u00dfer Erfolg. Vielen Dank an alle Anbieter, K\u00e4ufer und Helfer. Das Angebot war breit und vielf\u00e4ltig. In verschiedenen St\u00fcckzahlen standen zur Auswahl: Autofahrradtr\u00e4ger, Autokindersitz, Babyschale, Bettgestellrad, BMX-Rad, Bobbycar, Bollerwagen, Chopper, Damenrad, Dreirad, Einrad, Fahrradanh\u00e4nger, Fahrradhelm, Herrenrad, Hochrad, Inliner [&hellip;]<\/p>\n","protected":false},"author":2,"featured_media":0,"comment_status":"closed","ping_status":"closed","sticky":false,"template":"","format":"standard","meta":{"ngg_post_thumbnail":0},"categories":[20,19],"tags":[],"_links":{"self":[{"href":"http:\/\/fv-grundschule-niederheide.de\/index.php?rest_route=\/wp\/v2\/posts\/507"}],"collection":[{"href":"http:\/\/fv-grundschule-niederheide.de\/index.php?rest_route=\/wp\/v2\/posts"}],"about":[{"href":"http:\/\/fv-grundschule-niederheide.de\/index.php?rest_route=\/wp\/v2\/types\/post"}],"author":[{"embeddable":true,"href":"http:\/\/fv-grundschule-niederheide.de\/index.php?rest_route=\/wp\/v2\/users\/2"}],"replies":[{"embeddable":true,"href":"http:\/\/fv-grundschule-niederheide.de\/index.php?rest_route=%2Fwp%2Fv2%2Fcomments&post=507"}],"version-history":[{"count":30,"href":"http:\/\/fv-grundschule-niederheide.de\/index.php?rest_route=\/wp\/v2\/posts\/507\/revisions"}],"predecessor-version":[{"id":509,"href":"http:\/\/fv-grundschule-niederheide.de\/index.php?rest_route=\/wp\/v2\/posts\/507\/revisions\/509"}],"wp:attachment":[{"href":"http:\/\/fv-grundschule-niederheide.de\/index.php?rest_route=%2Fwp%2Fv2%2Fmedia&parent=507"}],"wp:term":[{"taxonomy":"category","embeddable":true,"href":"http:\/\/fv-grundschule-niederheide.de\/index.php?rest_route=%2Fwp%2Fv2%2Fcategories&post=507"},{"taxonomy":"post_tag","embeddable":true,"href":"http:\/\/fv-grundschule-niederheide.de\/index.php?rest_route=%2Fwp%2Fv2%2Ftags&post=507"}],"curies":[{"name":"wp","href":"https:\/\/api.w.org\/{rel}","templated":true}]}}