{"id":48,"date":"2009-11-03T02:11:56","date_gmt":"2009-11-03T01:11:56","guid":{"rendered":"http:\/\/fvr.klarblick.org\/?p=48"},"modified":"2010-01-26T16:22:02","modified_gmt":"2010-01-26T15:22:02","slug":"energiekonzept-bls-energieplan-gmbh","status":"publish","type":"post","link":"http:\/\/fv-grundschule-niederheide.de\/?p=48","title":{"rendered":"Energiekonzept: BLS Energieplan"},"content":{"rendered":"<p><img decoding=\"async\" loading=\"lazy\" class=\"alignleft size-full wp-image-238\" title=\"BLS Energieplan\" src=\"http:\/\/fv-roteschule.de\/fufrs\/wp-content\/uploads\/2010\/01\/BLS-Energieplan-blslogo31.gif\" alt=\"BLS Energieplan\" width=\"94\" height=\"67\" \/>Das Energiekonzept f\u00fcr den Schulneubau in der Niederheide wurde von der <a href=\"http:\/\/www.bls-energieplan.de\/de\/de\/index.html\" target=\"_blank\">BLS Energieplan GmbH<\/a> entwickelt: &#8222;Mit der energiethematischen Zielstellung des Vorhabens wird das Planungsteam das Geb\u00e4ude in einer Weise konfigurieren, die einen CO2-neutralen Betrieb bei einer positiven Energiebilanz erm\u00f6glicht.&#8220; Leistungen: Energiekonzept f\u00fcr Plus-Energiestandard, Planung und Objekt\u00fcberwachung (Anlagengruppen 1-3, Leistungsphasen 2-8), Zeitraum:\t2008 bis 2010<\/p>\n","protected":false},"excerpt":{"rendered":"<p>Das Energiekonzept f\u00fcr den Schulneubau in der Niederheide wurde von der BLS Energieplan GmbH entwickelt: &#8222;Mit der energiethematischen Zielstellung des Vorhabens wird das Planungsteam das Geb\u00e4ude in einer Weise konfigurieren, die einen CO2-neutralen Betrieb bei einer positiven Energiebilanz erm\u00f6glicht.&#8220; Leistungen: Energiekonzept f\u00fcr Plus-Energiestandard, Planung und Objekt\u00fcberwachung (Anlagengruppen 1-3, Leistungsphasen 2-8), Zeitraum: 2008 bis 2010<\/p>\n","protected":false},"author":2,"featured_media":0,"comment_status":"closed","ping_status":"closed","sticky":false,"template":"","format":"standard","meta":{"ngg_post_thumbnail":0},"categories":[5],"tags":[],"_links":{"self":[{"href":"http:\/\/fv-grundschule-niederheide.de\/index.php?rest_route=\/wp\/v2\/posts\/48"}],"collection":[{"href":"http:\/\/fv-grundschule-niederheide.de\/index.php?rest_route=\/wp\/v2\/posts"}],"about":[{"href":"http:\/\/fv-grundschule-niederheide.de\/index.php?rest_route=\/wp\/v2\/types\/post"}],"author":[{"embeddable":true,"href":"http:\/\/fv-grundschule-niederheide.de\/index.php?rest_route=\/wp\/v2\/users\/2"}],"replies":[{"embeddable":true,"href":"http:\/\/fv-grundschule-niederheide.de\/index.php?rest_route=%2Fwp%2Fv2%2Fcomments&post=48"}],"version-history":[{"count":8,"href":"http:\/\/fv-grundschule-niederheide.de\/index.php?rest_route=\/wp\/v2\/posts\/48\/revisions"}],"predecessor-version":[{"id":417,"href":"http:\/\/fv-grundschule-niederheide.de\/index.php?rest_route=\/wp\/v2\/posts\/48\/revisions\/417"}],"wp:attachment":[{"href":"http:\/\/fv-grundschule-niederheide.de\/index.php?rest_route=%2Fwp%2Fv2%2Fmedia&parent=48"}],"wp:term":[{"taxonomy":"category","embeddable":true,"href":"http:\/\/fv-grundschule-niederheide.de\/index.php?rest_route=%2Fwp%2Fv2%2Fcategories&post=48"},{"taxonomy":"post_tag","embeddable":true,"href":"http:\/\/fv-grundschule-niederheide.de\/index.php?rest_route=%2Fwp%2Fv2%2Ftags&post=48"}],"curies":[{"name":"wp","href":"https:\/\/api.w.org\/{rel}","templated":true}]}}