{"id":1626,"date":"2025-03-27T11:29:33","date_gmt":"2025-03-27T10:29:33","guid":{"rendered":"http:\/\/fv-grundschule-niederheide.de\/?p=1626"},"modified":"2025-03-27T11:29:33","modified_gmt":"2025-03-27T10:29:33","slug":"kaufen-und-verkaufen-gebrauchter-fahrraeder-2","status":"publish","type":"post","link":"http:\/\/fv-grundschule-niederheide.de\/?p=1626","title":{"rendered":"Kaufen und Verkaufen gebrauchter Fahrr\u00e4der!"},"content":{"rendered":"\n<p>Am Samstag, den 05. April 2025, findet ab 14 Uhr in der Turnhalle der Grundschule Niederheide der 13. Hohen Neuendorfer Fahrradmarkt statt. Unter der Leitung des F\u00f6rdervereins der Grundschule Niederheide und in Zusammenarbeit mit dem F\u00f6rderverein des Marie-Curie-Gymnasiums werden gebrauchte Fahrr\u00e4der, Radanh\u00e4nger, Kindersitze, Rollerblades, Skateboards, Dreir\u00e4der, Roller, Laufr\u00e4der, Bobbycars \u2013 daher alles was rollt \u2013 verkauft. Zehn Prozent des Erl\u00f6ses gehen zu gleichen Teilen an die F\u00f6rdervereine und kommen so direkt unseren Kindern zugute.<\/p>\n\n\n\n<h2 class=\"wp-block-heading\"><strong>Warenannahme<\/strong><\/h2>\n\n\n\n<p>Am Vormittag, von 9 Uhr bis 12 Uhr, bringen Sie Ihre R\u00e4der etc. in die Turnhalle der Grundschule Niederheide. Dort werden sie registriert und mit dem von Ihnen festgelegten Preis versehen. Bitte bringen Sie auch ein Ausweisdokument mit, um sich f\u00fcr den Verkauf zu identifizieren. <\/p>\n\n\n\n<h3 class=\"wp-block-heading\"><strong>Schon vorab die Formulare ausf\u00fcllen und Zeit sparen<\/strong><\/h3>\n\n\n\n<p>Sie k\u00f6nnen hier schon jetzt die Formulare f\u00fcr den Verkauf herunterladen und vollst\u00e4ndig ausgef\u00fcllt zum Fahrradmarkt mitbringen. So k\u00f6nnen Sie die Formulare ganz in Ruhe ausf\u00fcllen und bei der Fahrradannahme wird Zeit gespart. <\/p>\n\n\n\n<p>Es gelten die <a href=\"http:\/\/fv-grundschule-niederheide.de\/fufgn\/wp-content\/uploads\/2025\/03\/FM-Marktbedingungen-2025.pdf\" data-type=\"URL\" data-id=\"http:\/\/fv-grundschule-niederheide.de\/fufgn\/wp-content\/uploads\/2024\/09\/FM-Marktbedingungen-2024.pdf\" target=\"_blank\" rel=\"noreferrer noopener\">Marktbedingungen<\/a>. Lesen Sie sie vor dem Ausf\u00fcllen der Formulare.<\/p>\n\n\n\n<p>F\u00fcllen Sie f\u00fcr jeden zu verkaufenden Artikel eine <a rel=\"noreferrer noopener\" href=\"http:\/\/fv-grundschule-niederheide.de\/fufgn\/wp-content\/uploads\/2025\/03\/FM-Warenbeschreibung-2025.pdf\" target=\"_blank\">FM-Warenbeschreibung-2025<\/a> und eine <a rel=\"noreferrer noopener\" href=\"http:\/\/fv-grundschule-niederheide.de\/fufgn\/wp-content\/uploads\/2025\/03\/FM-Vereinbarung-2025.pdf\" target=\"_blank\">FM-Vereinbarung-2025<\/a> aus. <\/p>\n\n\n\n<h2 class=\"wp-block-heading\"><strong>Verkauf<\/strong><\/h2>\n\n\n\n<p>Von 14 Uhr bis 16 Uhr ist der Fahrradmarkt f\u00fcr jedermann ge\u00f6ffnet und der F\u00f6rderverein verkauft Ihre Waren. Der K\u00e4ufer erh\u00e4lt sein \u201eneues\u201c Rad und einen Beleg, welcher den Kauf best\u00e4tigt. Ab 16 Uhr werden die vereinbarten Verkaufserl\u00f6se ausgezahlt und nicht verkaufte R\u00e4der zur\u00fcckgegeben. Mit Bratw\u00fcrstchen, Kaffee und Kuchen, Saft und Selters l\u00e4\u00dft sich die Wartezeit verk\u00fcrzen.<\/p>\n\n\n\n<p>Bitte informieren Sie auch Ihre Verwandten, Freunde und Bekannten. Je mehr R\u00e4der zusammenkommen, um so besser. Wir freuen uns auf Ihr Kommen und eine mit R\u00e4dern gef\u00fcllte Turnhalle.<\/p>\n","protected":false},"excerpt":{"rendered":"<p>Am Samstag, den 05. April 2025, findet ab 14 Uhr in der Turnhalle der Grundschule Niederheide der 13. Hohen Neuendorfer Fahrradmarkt statt. Unter der Leitung des F\u00f6rdervereins der Grundschule Niederheide und in Zusammenarbeit mit dem F\u00f6rderverein des Marie-Curie-Gymnasiums werden gebrauchte Fahrr\u00e4der, Radanh\u00e4nger, Kindersitze, Rollerblades, Skateboards, Dreir\u00e4der, Roller, Laufr\u00e4der, Bobbycars \u2013 daher alles was rollt \u2013 [&hellip;]<\/p>\n","protected":false},"author":2,"featured_media":0,"comment_status":"closed","ping_status":"closed","sticky":false,"template":"","format":"standard","meta":{"ngg_post_thumbnail":0},"categories":[1],"tags":[],"_links":{"self":[{"href":"http:\/\/fv-grundschule-niederheide.de\/index.php?rest_route=\/wp\/v2\/posts\/1626"}],"collection":[{"href":"http:\/\/fv-grundschule-niederheide.de\/index.php?rest_route=\/wp\/v2\/posts"}],"about":[{"href":"http:\/\/fv-grundschule-niederheide.de\/index.php?rest_route=\/wp\/v2\/types\/post"}],"author":[{"embeddable":true,"href":"http:\/\/fv-grundschule-niederheide.de\/index.php?rest_route=\/wp\/v2\/users\/2"}],"replies":[{"embeddable":true,"href":"http:\/\/fv-grundschule-niederheide.de\/index.php?rest_route=%2Fwp%2Fv2%2Fcomments&post=1626"}],"version-history":[{"count":4,"href":"http:\/\/fv-grundschule-niederheide.de\/index.php?rest_route=\/wp\/v2\/posts\/1626\/revisions"}],"predecessor-version":[{"id":1633,"href":"http:\/\/fv-grundschule-niederheide.de\/index.php?rest_route=\/wp\/v2\/posts\/1626\/revisions\/1633"}],"wp:attachment":[{"href":"http:\/\/fv-grundschule-niederheide.de\/index.php?rest_route=%2Fwp%2Fv2%2Fmedia&parent=1626"}],"wp:term":[{"taxonomy":"category","embeddable":true,"href":"http:\/\/fv-grundschule-niederheide.de\/index.php?rest_route=%2Fwp%2Fv2%2Fcategories&post=1626"},{"taxonomy":"post_tag","embeddable":true,"href":"http:\/\/fv-grundschule-niederheide.de\/index.php?rest_route=%2Fwp%2Fv2%2Ftags&post=1626"}],"curies":[{"name":"wp","href":"https:\/\/api.w.org\/{rel}","templated":true}]}}