{"id":1581,"date":"2022-03-22T17:23:06","date_gmt":"2022-03-22T16:23:06","guid":{"rendered":"http:\/\/fv-grundschule-niederheide.de\/?p=1581"},"modified":"2022-03-22T17:23:06","modified_gmt":"2022-03-22T16:23:06","slug":"11-fahrradmarkt-am-03-april-2022","status":"publish","type":"post","link":"http:\/\/fv-grundschule-niederheide.de\/?p=1581","title":{"rendered":"11. Fahrradmarkt am 03. April 2022"},"content":{"rendered":"\n<h2 class=\"wp-block-heading\"><strong>Kaufen und Verkaufen gebrauchter Fahrr\u00e4der!<\/strong><\/h2>\n\n\n\n<p>Am Sonntag, den 03. April 2022, findet ab 14 Uhr in der\u00a0Turnhalle der Grundschule Niederheide der 11. Hohen Neuendorfer Fahrradmarkt statt. Unter der Leitung des F\u00f6rdervereins werden gebrauchte Fahrr\u00e4der, Radanh\u00e4nger, Kindersitze, Rollerblades, Skateboards, Dreir\u00e4der, Roller, Laufr\u00e4der, Bobbycars \u2013 daher alles was rollt \u2013 verkauft. Zehn Prozent des Erl\u00f6ses gehen an den F\u00f6rderverein und kommen so direkt unseren Kindern zugute. \u00a0 <\/p>\n\n\n\n<div class=\"wp-block-image\"><figure class=\"aligncenter size-large\"><a href=\"http:\/\/fv-grundschule-niederheide.de\/fufgn\/wp-content\/uploads\/2022\/03\/Fahrradmarkt-2022-A4-Plakat.png\"><img decoding=\"async\" loading=\"lazy\" width=\"724\" height=\"1024\" src=\"http:\/\/fv-grundschule-niederheide.de\/fufgn\/wp-content\/uploads\/2022\/03\/Fahrradmarkt-2022-A4-Plakat-724x1024.png\" alt=\"\" class=\"wp-image-1582\" srcset=\"http:\/\/fv-grundschule-niederheide.de\/fufgn\/wp-content\/uploads\/2022\/03\/Fahrradmarkt-2022-A4-Plakat-724x1024.png 724w, http:\/\/fv-grundschule-niederheide.de\/fufgn\/wp-content\/uploads\/2022\/03\/Fahrradmarkt-2022-A4-Plakat-212x300.png 212w, http:\/\/fv-grundschule-niederheide.de\/fufgn\/wp-content\/uploads\/2022\/03\/Fahrradmarkt-2022-A4-Plakat-768x1086.png 768w, http:\/\/fv-grundschule-niederheide.de\/fufgn\/wp-content\/uploads\/2022\/03\/Fahrradmarkt-2022-A4-Plakat-1086x1536.png 1086w, http:\/\/fv-grundschule-niederheide.de\/fufgn\/wp-content\/uploads\/2022\/03\/Fahrradmarkt-2022-A4-Plakat.png 1241w\" sizes=\"(max-width: 724px) 100vw, 724px\" \/><\/a><\/figure><\/div>\n\n\n\n<h2 class=\"wp-block-heading\"><strong>Warenannahme<\/strong><\/h2>\n\n\n\n<p>Am Vormittag, von 9 Uhr bis 12 Uhr, bringen Sie Ihre R\u00e4der etc. in die Turnhalle der Grundschule Niederheide. Dort werden sie registriert und mit dem von Ihnen festgelegten Preis versehen. \u00a0 <\/p>\n\n\n\n<h2 class=\"wp-block-heading\"><strong>Verkauf<\/strong><\/h2>\n\n\n\n<p>Von 14 Uhr bis 16 Uhr ist der Fahrradmarkt f\u00fcr jedermann ge\u00f6ffnet und der F\u00f6rderverein verkauft Ihre Waren. Der K\u00e4ufer erh\u00e4lt sein \u201eneues\u201c Rad und einen Beleg, welcher den Kauf best\u00e4tigt. Ab 16 Uhr werden die vereinbarten Verkaufserl\u00f6se ausgezahlt und nicht verkaufte R\u00e4der zur\u00fcckgegeben. Mit Kaffee und Kuchen, Saft und Selters l\u00e4\u00dft sich die Wartezeit verk\u00fcrzen. <\/p>\n\n\n\n<p>Bitte informieren Sie auch Ihre Verwandten, Freunde und Bekannten. Je mehr R\u00e4der zusammenkommen, um so besser. Wir freuen uns auf Ihr Kommen und eine mit R\u00e4dern gef\u00fcllte Turnhalle.<\/p>\n\n\n\n<p><strong>Es gelten die tagesaktuellen Coronaregeln.<\/strong><\/p>\n","protected":false},"excerpt":{"rendered":"<p>Kaufen und Verkaufen gebrauchter Fahrr\u00e4der! Am Sonntag, den 03. April 2022, findet ab 14 Uhr in der\u00a0Turnhalle der Grundschule Niederheide der 11. Hohen Neuendorfer Fahrradmarkt statt. Unter der Leitung des F\u00f6rdervereins werden gebrauchte Fahrr\u00e4der, Radanh\u00e4nger, Kindersitze, Rollerblades, Skateboards, Dreir\u00e4der, Roller, Laufr\u00e4der, Bobbycars \u2013 daher alles was rollt \u2013 verkauft. Zehn Prozent des Erl\u00f6ses gehen an [&hellip;]<\/p>\n","protected":false},"author":2,"featured_media":1582,"comment_status":"closed","ping_status":"closed","sticky":false,"template":"","format":"standard","meta":{"ngg_post_thumbnail":0},"categories":[1],"tags":[],"_links":{"self":[{"href":"http:\/\/fv-grundschule-niederheide.de\/index.php?rest_route=\/wp\/v2\/posts\/1581"}],"collection":[{"href":"http:\/\/fv-grundschule-niederheide.de\/index.php?rest_route=\/wp\/v2\/posts"}],"about":[{"href":"http:\/\/fv-grundschule-niederheide.de\/index.php?rest_route=\/wp\/v2\/types\/post"}],"author":[{"embeddable":true,"href":"http:\/\/fv-grundschule-niederheide.de\/index.php?rest_route=\/wp\/v2\/users\/2"}],"replies":[{"embeddable":true,"href":"http:\/\/fv-grundschule-niederheide.de\/index.php?rest_route=%2Fwp%2Fv2%2Fcomments&post=1581"}],"version-history":[{"count":1,"href":"http:\/\/fv-grundschule-niederheide.de\/index.php?rest_route=\/wp\/v2\/posts\/1581\/revisions"}],"predecessor-version":[{"id":1583,"href":"http:\/\/fv-grundschule-niederheide.de\/index.php?rest_route=\/wp\/v2\/posts\/1581\/revisions\/1583"}],"wp:featuredmedia":[{"embeddable":true,"href":"http:\/\/fv-grundschule-niederheide.de\/index.php?rest_route=\/wp\/v2\/media\/1582"}],"wp:attachment":[{"href":"http:\/\/fv-grundschule-niederheide.de\/index.php?rest_route=%2Fwp%2Fv2%2Fmedia&parent=1581"}],"wp:term":[{"taxonomy":"category","embeddable":true,"href":"http:\/\/fv-grundschule-niederheide.de\/index.php?rest_route=%2Fwp%2Fv2%2Fcategories&post=1581"},{"taxonomy":"post_tag","embeddable":true,"href":"http:\/\/fv-grundschule-niederheide.de\/index.php?rest_route=%2Fwp%2Fv2%2Ftags&post=1581"}],"curies":[{"name":"wp","href":"https:\/\/api.w.org\/{rel}","templated":true}]}}