{"id":1130,"date":"2015-10-16T16:48:35","date_gmt":"2015-10-16T15:48:35","guid":{"rendered":"http:\/\/fv-roteschule.de\/?p=1130"},"modified":"2016-04-09T18:24:16","modified_gmt":"2016-04-09T17:24:16","slug":"spielzeugmarkt-am-15-11-2015","status":"publish","type":"post","link":"http:\/\/fv-grundschule-niederheide.de\/?p=1130","title":{"rendered":"Spielzeug-Basar am 15.11.2015"},"content":{"rendered":"<div class=\"mceTemp\"><img decoding=\"async\" loading=\"lazy\" class=\"size-full wp-image-1141\" title=\"Flyer_Spielzeug_Basar_2015\" src=\"http:\/\/fv-roteschule.de\/fufrs\/wp-content\/uploads\/2015\/10\/Flyer_Spielzeug_Basar_2015.jpg\" alt=\"\" width=\"303\" height=\"425\" srcset=\"http:\/\/fv-grundschule-niederheide.de\/fufgn\/wp-content\/uploads\/2015\/10\/Flyer_Spielzeug_Basar_2015.jpg 303w, http:\/\/fv-grundschule-niederheide.de\/fufgn\/wp-content\/uploads\/2015\/10\/Flyer_Spielzeug_Basar_2015-213x300.jpg 213w\" sizes=\"(max-width: 303px) 100vw, 303px\" \/><\/div>\n<div class=\"mceTemp\">\u201eBald nun ist Weihnachtszeit, fr\u00f6hliche Zeit\u2026\u201c<\/div>\n<div class=\"mceTemp\">Etwas fr\u00fch &#8211; so mitten im Oktober &#8211; werden Sie denken. Richtig, aber gro\u00dfe Ereignisse werfen bekanntlich ihre Schatten voraus.<br \/>\nDer F\u00f6rderverein hat in diesem Jahr noch ein\u00a0Event f\u00fcr Sie in petto. Wir veranstalten erstmals einen Spielzeugbasar mit Blick auf die Weihnachtszeit.<\/div>\n<p>Unser Motto dazu hei\u00dft:<br \/>\n\u201ePssst, nur f\u00fcr Erwachsene!\u00a0&#8211; Geschenke f\u00fcr Kids &#8211;<br \/>\nIn aller Heimlichkeit shoppen bei Bratwurst, Kuchen und Getr\u00e4nken\u201c.<\/p>\n<p>Das bedeutet auch wirklich: Nur f\u00fcr Erwachsene!<br \/>\nSie k\u00f6nnen in Ruhe und in aller Heimlichkeit sch\u00f6ne Spielsachen ausw\u00e4hlen und kaufen, w\u00e4hrend ihre Kinder nichtsahnend zu Hause spielen und vielleicht schon hin und wieder von Weihnachten tr\u00e4umen. Kann Geschenke kaufen stressfreier sein?<\/p>\n<p>Wann?\u00a0\u00a0\u00a0am 15. November 2015<br \/>\nUhrzeit? 10-13 Uhr<br \/>\nWo? \u00a0\u00a0\u00a0\u00a0\u00a0\u00a0\u00a0 Sporthalle der Grundschule Niederheide<br \/>\nGoethestra\u00dfe 1, 16540 Hohen Neuendorf<\/p>\n<p>~~~~~~~~~~~~~~~~~~~~~~~~~~~~~~~~~~~~~~~~~~~~~~~~~~~~~~~~~~~~~~~~~~~~~~<\/p>\n<p><span style=\"text-decoration: underline;\">Informationen f\u00fcr Verk\u00e4ufer<br \/>\n<\/span><br \/>\nPlatzangebot:\u00a0\u00a0\u00a0\u00a0\u00a0\u00a0\u00a0\u00a0\u00a0\u00a0 70 St\u00e4nde (Tapeziertische)<br \/>\nStandmiete:\u00a0\u00a0\u00a0\u00a0\u00a0\u00a0\u00a0\u00a0\u00a0\u00a0\u00a0\u00a0\u00a0 5 Euro und ein Kuchen<br \/>\nAufbau der St\u00e4nde: 15.11.2015 ab 9 Uhr<br \/>\nTelefonische Anmeldung erbeten unter 03303 \/ 5964971<\/p>\n<p><strong>Angeboten werden sollen ausschlie\u00dflich Spiele, Spielzeuge, Kinderb\u00fccher und Kinder-CD\/DVD.<\/strong><\/p>\n<p><strong>Impressionen vom 1. Spielzeugbasar:<\/strong><br \/>\n<strong><br \/>\n<img decoding=\"async\" loading=\"lazy\" class=\"alignleft size-medium wp-image-1187\" title=\"20151115_103631\" src=\"http:\/\/fv-roteschule.de\/fufrs\/wp-content\/uploads\/2015\/10\/20151115_1036316-300x225.jpg\" alt=\"\" width=\"300\" height=\"225\" srcset=\"http:\/\/fv-grundschule-niederheide.de\/fufgn\/wp-content\/uploads\/2015\/10\/20151115_1036316-300x225.jpg 300w, http:\/\/fv-grundschule-niederheide.de\/fufgn\/wp-content\/uploads\/2015\/10\/20151115_1036316-1024x768.jpg 1024w\" sizes=\"(max-width: 300px) 100vw, 300px\" \/><br \/>\n<strong><br \/>\n<img decoding=\"async\" loading=\"lazy\" class=\"alignleft size-medium wp-image-1176\" title=\"Impressionen vom 1. Spielzeugbasar\" src=\"http:\/\/fv-roteschule.de\/fufrs\/wp-content\/uploads\/2015\/10\/20151115_1036312-300x225.jpg\" alt=\"\" width=\"300\" height=\"225\" srcset=\"http:\/\/fv-grundschule-niederheide.de\/fufgn\/wp-content\/uploads\/2015\/10\/20151115_1036312-300x225.jpg 300w, http:\/\/fv-grundschule-niederheide.de\/fufgn\/wp-content\/uploads\/2015\/10\/20151115_1036312-1024x768.jpg 1024w\" sizes=\"(max-width: 300px) 100vw, 300px\" \/><br \/>\n<\/strong><br \/>\n<img decoding=\"async\" loading=\"lazy\" class=\"alignleft size-medium wp-image-1190\" title=\"20151115_103942 (2)\" src=\"http:\/\/fv-roteschule.de\/fufrs\/wp-content\/uploads\/2015\/10\/20151115_103942-2-225x300.jpg\" alt=\"\" width=\"225\" height=\"300\" srcset=\"http:\/\/fv-grundschule-niederheide.de\/fufgn\/wp-content\/uploads\/2015\/10\/20151115_103942-2-225x300.jpg 225w, http:\/\/fv-grundschule-niederheide.de\/fufgn\/wp-content\/uploads\/2015\/10\/20151115_103942-2-768x1024.jpg 768w\" sizes=\"(max-width: 225px) 100vw, 225px\" \/><\/strong><\/p>\n","protected":false},"excerpt":{"rendered":"<p>\u201eBald nun ist Weihnachtszeit, fr\u00f6hliche Zeit\u2026\u201c Etwas fr\u00fch &#8211; so mitten im Oktober &#8211; werden Sie denken. Richtig, aber gro\u00dfe Ereignisse werfen bekanntlich ihre Schatten voraus. Der F\u00f6rderverein hat in diesem Jahr noch ein\u00a0Event f\u00fcr Sie in petto. Wir veranstalten erstmals einen Spielzeugbasar mit Blick auf die Weihnachtszeit. Unser Motto dazu hei\u00dft: \u201ePssst, nur f\u00fcr [&hellip;]<\/p>\n","protected":false},"author":7,"featured_media":0,"comment_status":"closed","ping_status":"closed","sticky":false,"template":"","format":"standard","meta":{"ngg_post_thumbnail":0},"categories":[1],"tags":[],"_links":{"self":[{"href":"http:\/\/fv-grundschule-niederheide.de\/index.php?rest_route=\/wp\/v2\/posts\/1130"}],"collection":[{"href":"http:\/\/fv-grundschule-niederheide.de\/index.php?rest_route=\/wp\/v2\/posts"}],"about":[{"href":"http:\/\/fv-grundschule-niederheide.de\/index.php?rest_route=\/wp\/v2\/types\/post"}],"author":[{"embeddable":true,"href":"http:\/\/fv-grundschule-niederheide.de\/index.php?rest_route=\/wp\/v2\/users\/7"}],"replies":[{"embeddable":true,"href":"http:\/\/fv-grundschule-niederheide.de\/index.php?rest_route=%2Fwp%2Fv2%2Fcomments&post=1130"}],"version-history":[{"count":28,"href":"http:\/\/fv-grundschule-niederheide.de\/index.php?rest_route=\/wp\/v2\/posts\/1130\/revisions"}],"predecessor-version":[{"id":1294,"href":"http:\/\/fv-grundschule-niederheide.de\/index.php?rest_route=\/wp\/v2\/posts\/1130\/revisions\/1294"}],"wp:attachment":[{"href":"http:\/\/fv-grundschule-niederheide.de\/index.php?rest_route=%2Fwp%2Fv2%2Fmedia&parent=1130"}],"wp:term":[{"taxonomy":"category","embeddable":true,"href":"http:\/\/fv-grundschule-niederheide.de\/index.php?rest_route=%2Fwp%2Fv2%2Fcategories&post=1130"},{"taxonomy":"post_tag","embeddable":true,"href":"http:\/\/fv-grundschule-niederheide.de\/index.php?rest_route=%2Fwp%2Fv2%2Ftags&post=1130"}],"curies":[{"name":"wp","href":"https:\/\/api.w.org\/{rel}","templated":true}]}}